{"id":1798,"date":"2025-06-03T18:41:07","date_gmt":"2025-06-03T16:41:07","guid":{"rendered":"https:\/\/www.amazingspace.sk\/?p=1798"},"modified":"2025-06-04T09:54:53","modified_gmt":"2025-06-04T07:54:53","slug":"flexibilna-hodinova-hudobna-skusobna-bratislava-leto","status":"publish","type":"post","link":"https:\/\/www.amazingspace.sk\/en\/2025\/06\/03\/flexibilna-hodinova-hudobna-skusobna-bratislava-leto\/","title":{"rendered":"Flexibiln\u00e1 hudobn\u00e1 sk\u00fa\u0161ob\u0148a v Bratislave \u2013 ide\u00e1lne rie\u0161enie na letn\u00e9 mesiace"},"content":{"rendered":"<div data-elementor-type=\"wp-post\" data-elementor-id=\"1798\" class=\"elementor elementor-1798\">\n\t\t\t\t\t\t\t\t\t<section class=\"elementor-section elementor-top-section elementor-element elementor-element-2ab5adf elementor-section-boxed elementor-section-height-default elementor-section-height-default\" data-id=\"2ab5adf\" data-element_type=\"section\">\n\t\t\t\t\t\t<div class=\"elementor-container elementor-column-gap-default\">\n\t\t\t\t\t<div class=\"elementor-column elementor-col-100 elementor-top-column elementor-element elementor-element-0d697d0\" data-id=\"0d697d0\" data-element_type=\"column\">\n\t\t\t<div class=\"elementor-widget-wrap elementor-element-populated\">\n\t\t\t\t\t\t\t\t<div class=\"elementor-element elementor-element-d5116f8 elementor-widget elementor-widget-text-editor\" data-id=\"d5116f8\" data-element_type=\"widget\" data-widget_type=\"text-editor.default\">\n\t\t\t\t<div class=\"elementor-widget-container\">\n\t\t\t<style>\/*! elementor - v3.16.0 - 14-09-2023 *\/\n.elementor-widget-text-editor.elementor-drop-cap-view-stacked .elementor-drop-cap{background-color:#69727d;color:#fff}.elementor-widget-text-editor.elementor-drop-cap-view-framed .elementor-drop-cap{color:#69727d;border:3px solid;background-color:transparent}.elementor-widget-text-editor:not(.elementor-drop-cap-view-default) .elementor-drop-cap{margin-top:8px}.elementor-widget-text-editor:not(.elementor-drop-cap-view-default) .elementor-drop-cap-letter{width:1em;height:1em}.elementor-widget-text-editor .elementor-drop-cap{float:left;text-align:center;line-height:1;font-size:50px}.elementor-widget-text-editor .elementor-drop-cap-letter{display:inline-block}<\/style>\t\t\t\t<h1>\ud83c\udfb8 Flexibiln\u00e1 hudobn\u00e1 sk\u00fa\u0161ob\u0148a v Bratislave \u2013 ide\u00e1lne rie\u0161enie na letn\u00e9 mesiace<\/h1>\n<p>Leto v Bratislave je pln\u00e9 festivalov, v\u00fdletov a koncertov. No \u010do ak si chce\u0161 s kapelou zatr\u00e9nova\u0165 aj po\u010das hor\u00facich mesiacov, bez toho aby si platil sk\u00fa\u0161ob\u0148ucel\u00e9 leto? Pr\u00e1ve preto existuje <strong>\ud83c\udfb6 flexibiln\u00e1 hudobn\u00e1 sk\u00fa\u0161ob\u0148a Amazing Space<\/strong> \u2013 klimatizovan\u00fd priestor dostupn\u00fd u\u017e od jednej hodiny.<\/p>\n<h2>\u23f1\ufe0f Sk\u00fa\u0161ob\u0148a na hodinu \u2013 \u017eiadne viazanosti<\/h2>\n<p>Na rozdiel od klasick\u00fdch sk\u00fa\u0161obn\u00ed, ktor\u00e9 sa prenaj\u00edmaj\u00fa na cel\u00e9 mesiace, <strong>u n\u00e1s plat\u00ed\u0161 len za \u010das, ktor\u00fd skuto\u010dne vyu\u017eije\u0161<\/strong>. Sta\u010d\u00ed si vybra\u0165 vo\u013en\u00fd term\u00edn cez n\u00e1\u0161 jednoduch\u00fd online rezerva\u010dn\u00fd syst\u00e9m \u2013 aj len 2 hodiny pred za\u010diatkom! \u017diadne dlhodob\u00e9 z\u00e1v\u00e4zky, len sloboda hra\u0165, ke\u010f ti to vyhovuje.<\/p>\n<h2>\u2744\ufe0f Pr\u00edjemn\u00e1 teplota aj v hor\u00fa\u010dav\u00e1ch<\/h2>\n<p>Sk\u00fa\u0161ob\u0148a sa nach\u00e1dza v podzem\u00ed a je vybaven\u00e1 <strong>v\u00fdkonnou klimatiz\u00e1ciou<\/strong>, tak\u017ee aj po\u010das najv\u00e4\u010d\u0161\u00edch hor\u00fa\u010dav si udr\u017e\u00ed\u0161 chladn\u00fa hlavu aj ladenie. \ud83e\uddca\ud83c\udf9b\ufe0f Nez\u00e1le\u017e\u00ed na tom, \u010di vonku svieti slnko alebo je dusno \u2013 vo vn\u00fatri je v\u017edy pr\u00edjemne.<\/p>\n<h2>\ud83c\udf0d Ide\u00e1lne na leto, ke\u010f si ka\u017ed\u00fd rob\u00ed vlastn\u00fd program<\/h2>\n<p>Kapela sa cez leto stret\u00e1va \u0165a\u017e\u0161ie \u2013 niekto je na dovolenke, niekto na festivaloch. V\u010faka <strong>flexibilnej hodinovej rezerv\u00e1cii<\/strong> nemus\u00edte plati\u0165 cel\u00fd mesiac, ale len tie dni, ke\u010f sa v\u00e1m naozaj podar\u00ed stretn\u00fa\u0165. \ud83d\uddd3\ufe0f To z nej rob\u00ed ide\u00e1lny priestor na udr\u017eiavanie formy aj po\u010das vo\u013enej\u0161\u00edch mesiacov.<\/p>\n<h2>\ud83d\udca1 V\u00fdhody na\u0161ej sk\u00fa\u0161obne v skratke:<\/h2>\n<ul>\n<li>\u2705 Klimatizovan\u00fd priestor<\/li>\n<li>\u2705 Bez viazanosti \u2013 plat\u00ed\u0161 len za vyu\u017eit\u00fd \u010das<\/li>\n<li>\u2705 Rezerv\u00e1cia u\u017e 2 hodiny vopred<\/li>\n<li>\u2705 Pr\u00edstupn\u00fd online rezerva\u010dn\u00fd kalend\u00e1r<\/li>\n<li>\u2705 Kvalitn\u00e1 v\u00fdbava a akustika \ud83c\udfa4\ud83e\udd41<\/li>\n<li>\u2705 Parkovanie v bl\u00edzkosti \ud83d\ude97<\/li>\n<\/ul>\n<h2>\ud83e\uddf0 \u010co v\u0161etko je v sk\u00fa\u0161obni k dispoz\u00edcii?<\/h2>\n<p>Sk\u00fa\u0161ob\u0148a nie je len pr\u00e1zdna miestnos\u0165 \u2013 n\u00e1jde\u0161 tu v\u0161etko, \u010do potrebuje\u0161 na kvalitn\u00fa hudobn\u00fa sk\u00fa\u0161ku: \ud83c\udf9b\ufe0f mixpult, \ud83c\udfa4 mikrof\u00f3ny, \ud83e\udd41 bicie, \ud83c\udfb8 komb\u00e1, stojany, k\u00e1ble a pr\u00edjemn\u00e9 osvetlenie. Nemus\u00ed\u0161 si ni\u010d nosi\u0165 \u2013 sta\u010d\u00ed pr\u00eds\u0165 a hra\u0165. U\u0161etr\u00ed\u0161 si \u010das aj nervy.<\/p>\n<h2>\ud83e\udd18 Pre koho je sk\u00fa\u0161ob\u0148a ide\u00e1lna?<\/h2>\n<ul>\n<li>\ud83c\udfb5 Za\u010d\u00ednaj\u00face kapely h\u013eadaj\u00face dostupn\u00fd a kvalitn\u00fd priestor<\/li>\n<li>\ud83c\udfa4 Sk\u00fasen\u00ed hudobn\u00edci, ktor\u00ed si chc\u00fa ob\u010das zahra\u0165<\/li>\n<li>\ud83d\udc68\u200d\ud83c\udfeb U\u010ditelia hudby so \u0161tudentmi<\/li>\n<li>\ud83c\udfb9 Jednotlivci, ktor\u00ed chc\u00fa tr\u00e9nova\u0165 spev, bubny alebo hru na n\u00e1stroj bez ru\u0161enia susedov<\/li>\n<li>\ud83c\udf0d Turisti a cestuj\u00faci muzikanti, ktor\u00ed s\u00fa v Bratislave len p\u00e1r dn\u00ed<\/li>\n<\/ul>\n<h2>\ud83d\udccd Kde n\u00e1s n\u00e1jde\u0161?<\/h2>\n<p>Sk\u00fa\u0161ob\u0148a Amazing Space sa nach\u00e1dza v dobre dostupnej \u010dasti Bratislavy \u2013 s pohodln\u00fdm parkovan\u00edm aj MHD zast\u00e1vkou v pe\u0161ej vzdialenosti. Presn\u00fa adresu a kontakty n\u00e1jde\u0161 na na\u0161ej str\u00e1nke www.amazingspace.sk\/kde-nas-najdete\/ .<\/p>\n<h2>\u2728 N\u00e1\u0161 tip: Pr\u00ed\u010f si to vysk\u00fa\u0161a\u0165!<\/h2>\n<p>E\u0161te si u n\u00e1s nebol? Pr\u00ed\u010f si da\u0165 prv\u00fa sk\u00fa\u0161ku a zist\u00ed\u0161, pre\u010do je <strong>Amazing Space najflexibilnej\u0161ia hudobn\u00e1 sk\u00fa\u0161ob\u0148a na Slovensku<\/strong>. \ud83c\udfa7 M\u00e1\u0161 ot\u00e1zky? Ozvi sa \u2013 radi ti porad\u00edme.<\/p>\n<h2>\ud83c\udfaf Pripraven\u00fd zahra\u0165 si?<\/h2>\n<p>Chce\u0161 si zahra\u0165 aj po\u010das leta bez zbyto\u010dn\u00fdch n\u00e1kladov? Vysk\u00fa\u0161aj na\u0161u flexibiln\u00fa hudobn\u00fa sk\u00fa\u0161ob\u0148u v Bratislave. <strong>Rezervuj si term\u00edn jednoducho online<\/strong> a hraj kedyko\u013evek, bez viazanosti.<\/p>\n<p><a href=\"https:\/\/www.amazingspace.sk\/en\/#rezervacia\" target=\"_blank\" rel=\"noopener\">\u27a1\ufe0f Rezervuj si sk\u00fa\u0161ob\u0148u teraz<\/a><\/p>\t\t\t\t\t\t<\/div>\n\t\t\t\t<\/div>\n\t\t\t\t<div class=\"elementor-element elementor-element-4ecd3cb elementor-widget elementor-widget-image\" data-id=\"4ecd3cb\" data-element_type=\"widget\" data-widget_type=\"image.default\">\n\t\t\t\t<div class=\"elementor-widget-container\">\n\t\t\t<style>\/*! elementor - v3.16.0 - 14-09-2023 *\/\n.elementor-widget-image{text-align:center}.elementor-widget-image a{display:inline-block}.elementor-widget-image a img[src$=\".svg\"]{width:48px}.elementor-widget-image img{vertical-align:middle;display:inline-block}<\/style>\t\t\t\t\t\t\t\t\t\t\t\t<img decoding=\"async\" width=\"760\" height=\"760\" src=\"https:\/\/www.amazingspace.sk\/wp-content\/uploads\/2025\/06\/IMG_2717-1024x1024.jpeg\" class=\"attachment-large size-large wp-image-1803\" alt=\"Mont\u00e1\u017e klimatiz\u00e1cie v hudobnej sk\u00fa\u0161obni Amazing Space v Bratislave\" loading=\"lazy\" srcset=\"https:\/\/www.amazingspace.sk\/wp-content\/uploads\/2025\/06\/IMG_2717-1024x1024.jpeg 1024w, https:\/\/www.amazingspace.sk\/wp-content\/uploads\/2025\/06\/IMG_2717-300x300.jpeg 300w, https:\/\/www.amazingspace.sk\/wp-content\/uploads\/2025\/06\/IMG_2717-150x150.jpeg 150w, https:\/\/www.amazingspace.sk\/wp-content\/uploads\/2025\/06\/IMG_2717-768x768.jpeg 768w, https:\/\/www.amazingspace.sk\/wp-content\/uploads\/2025\/06\/IMG_2717-12x12.jpeg 12w, https:\/\/www.amazingspace.sk\/wp-content\/uploads\/2025\/06\/IMG_2717.jpeg 1330w\" sizes=\"(max-width: 760px) 100vw, 760px\" \/>\t\t\t\t\t\t\t\t\t\t\t\t\t\t\t<\/div>\n\t\t\t\t<\/div>\n\t\t\t\t\t<\/div>\n\t\t<\/div>\n\t\t\t\t\t\t\t<\/div>\n\t\t<\/section>\n\t\t\t\t\t\t\t<\/div>","protected":false},"excerpt":{"rendered":"<p>\ud83c\udfb8 Flexibiln\u00e1 hudobn\u00e1 sk\u00fa\u0161ob\u0148a v Bratislave \u2013 ide\u00e1lne rie\u0161enie na letn\u00e9 mesiace Leto v Bratislave je pln\u00e9 festivalov, v\u00fdletov a koncertov. No \u010do ak si chce\u0161 s kapelou zatr\u00e9nova\u0165 aj po\u010das hor\u00facich mesiacov, bez toho aby si platil sk\u00fa\u0161ob\u0148ucel\u00e9 leto? Pr\u00e1ve preto existuje \ud83c\udfb6 flexibiln\u00e1 hudobn\u00e1 sk\u00fa\u0161ob\u0148a Amazing Space \u2013 klimatizovan\u00fd priestor dostupn\u00fd u\u017e od [&hellip;]<\/p>","protected":false},"author":1,"featured_media":0,"comment_status":"open","ping_status":"open","sticky":false,"template":"","format":"standard","meta":{"om_disable_all_campaigns":false,"_monsterinsights_skip_tracking":false,"_monsterinsights_sitenote_active":false,"_monsterinsights_sitenote_note":"","_monsterinsights_sitenote_category":0},"categories":[1],"tags":[],"yoast_head":"<!-- This site is optimized with the Yoast SEO plugin v21.1 - https:\/\/yoast.com\/wordpress\/plugins\/seo\/ -->\n<title>Flexibiln\u00e1 hudobn\u00e1 sk\u00fa\u0161ob\u0148a v Bratislave \u2013 ide\u00e1lne rie\u0161enie na letn\u00e9 mesiace | NAHR\u00c1VACIE \u0160T\u00daDIO<\/title>\n<meta name=\"description\" content=\"Flexibiln\u00e1 hudobn\u00e1 sk\u00fa\u0161ob\u0148a v Bratislave. Klimatiz\u00e1cia, rezerv\u00e1cia aj 2 hodiny vopred, plat\u00ed\u0161 len za vyu\u017eit\u00fd \u010das. Sk\u00fas to v lete!\" \/>\n<meta name=\"robots\" content=\"index, follow, max-snippet:-1, max-image-preview:large, max-video-preview:-1\" \/>\n<link rel=\"canonical\" href=\"https:\/\/www.amazingspace.sk\/en\/2025\/06\/03\/flexibilna-hodinova-hudobna-skusobna-bratislava-leto\/\" \/>\n<meta property=\"og:locale\" content=\"en_GB\" \/>\n<meta property=\"og:type\" content=\"article\" \/>\n<meta property=\"og:title\" content=\"Flexibiln\u00e1 hudobn\u00e1 sk\u00fa\u0161ob\u0148a v Bratislave \u2013 ide\u00e1lne rie\u0161enie na letn\u00e9 mesiace | NAHR\u00c1VACIE \u0160T\u00daDIO\" \/>\n<meta property=\"og:description\" content=\"Flexibiln\u00e1 hudobn\u00e1 sk\u00fa\u0161ob\u0148a v Bratislave. Klimatiz\u00e1cia, rezerv\u00e1cia aj 2 hodiny vopred, plat\u00ed\u0161 len za vyu\u017eit\u00fd \u010das. Sk\u00fas to v lete!\" \/>\n<meta property=\"og:url\" content=\"https:\/\/www.amazingspace.sk\/en\/2025\/06\/03\/flexibilna-hodinova-hudobna-skusobna-bratislava-leto\/\" \/>\n<meta property=\"og:site_name\" content=\"NAHR\u00c1VACIE \u0160T\u00daDIO\" \/>\n<meta property=\"article:publisher\" content=\"https:\/\/www.facebook.com\/profile.php?id=61552328046316&amp;sk=about\" \/>\n<meta property=\"article:published_time\" content=\"2025-06-03T16:41:07+00:00\" \/>\n<meta property=\"article:modified_time\" content=\"2025-06-04T07:54:53+00:00\" \/>\n<meta property=\"og:image\" content=\"https:\/\/www.amazingspace.sk\/wp-content\/uploads\/2025\/06\/IMG_2717-1024x1024.jpeg\" \/>\n<meta name=\"author\" content=\"amazing\" \/>\n<meta name=\"twitter:card\" content=\"summary_large_image\" \/>\n<meta name=\"twitter:label1\" content=\"Written by\" \/>\n\t<meta name=\"twitter:data1\" content=\"amazing\" \/>\n\t<meta name=\"twitter:label2\" content=\"Estimated reading time\" \/>\n\t<meta name=\"twitter:data2\" content=\"3 minutes\" \/>\n<script type=\"application\/ld+json\" class=\"yoast-schema-graph\">{\"@context\":\"https:\/\/schema.org\",\"@graph\":[{\"@type\":\"Article\",\"@id\":\"https:\/\/www.amazingspace.sk\/2025\/06\/03\/flexibilna-hodinova-hudobna-skusobna-bratislava-leto\/#article\",\"isPartOf\":{\"@id\":\"https:\/\/www.amazingspace.sk\/2025\/06\/03\/flexibilna-hodinova-hudobna-skusobna-bratislava-leto\/\"},\"author\":{\"name\":\"amazing\",\"@id\":\"https:\/\/www.amazingspace.sk\/#\/schema\/person\/9971aeaf98e9afa66b468e85ebeb1d5c\"},\"headline\":\"Flexibiln\u00e1 hudobn\u00e1 sk\u00fa\u0161ob\u0148a v Bratislave \u2013 ide\u00e1lne rie\u0161enie na letn\u00e9 mesiace\",\"datePublished\":\"2025-06-03T16:41:07+00:00\",\"dateModified\":\"2025-06-04T07:54:53+00:00\",\"mainEntityOfPage\":{\"@id\":\"https:\/\/www.amazingspace.sk\/2025\/06\/03\/flexibilna-hodinova-hudobna-skusobna-bratislava-leto\/\"},\"wordCount\":564,\"commentCount\":0,\"publisher\":{\"@id\":\"https:\/\/www.amazingspace.sk\/#organization\"},\"articleSection\":[\"Nezaraden\u00e9\"],\"inLanguage\":\"en-GB\",\"potentialAction\":[{\"@type\":\"CommentAction\",\"name\":\"Comment\",\"target\":[\"https:\/\/www.amazingspace.sk\/2025\/06\/03\/flexibilna-hodinova-hudobna-skusobna-bratislava-leto\/#respond\"]}]},{\"@type\":\"WebPage\",\"@id\":\"https:\/\/www.amazingspace.sk\/2025\/06\/03\/flexibilna-hodinova-hudobna-skusobna-bratislava-leto\/\",\"url\":\"https:\/\/www.amazingspace.sk\/2025\/06\/03\/flexibilna-hodinova-hudobna-skusobna-bratislava-leto\/\",\"name\":\"Flexibiln\u00e1 hudobn\u00e1 sk\u00fa\u0161ob\u0148a v Bratislave \u2013 ide\u00e1lne rie\u0161enie na letn\u00e9 mesiace | NAHR\u00c1VACIE \u0160T\u00daDIO\",\"isPartOf\":{\"@id\":\"https:\/\/www.amazingspace.sk\/#website\"},\"datePublished\":\"2025-06-03T16:41:07+00:00\",\"dateModified\":\"2025-06-04T07:54:53+00:00\",\"description\":\"Flexibiln\u00e1 hudobn\u00e1 sk\u00fa\u0161ob\u0148a v Bratislave. Klimatiz\u00e1cia, rezerv\u00e1cia aj 2 hodiny vopred, plat\u00ed\u0161 len za vyu\u017eit\u00fd \u010das. Sk\u00fas to v lete!\",\"breadcrumb\":{\"@id\":\"https:\/\/www.amazingspace.sk\/2025\/06\/03\/flexibilna-hodinova-hudobna-skusobna-bratislava-leto\/#breadcrumb\"},\"inLanguage\":\"en-GB\",\"potentialAction\":[{\"@type\":\"ReadAction\",\"target\":[\"https:\/\/www.amazingspace.sk\/2025\/06\/03\/flexibilna-hodinova-hudobna-skusobna-bratislava-leto\/\"]}]},{\"@type\":\"BreadcrumbList\",\"@id\":\"https:\/\/www.amazingspace.sk\/2025\/06\/03\/flexibilna-hodinova-hudobna-skusobna-bratislava-leto\/#breadcrumb\",\"itemListElement\":[{\"@type\":\"ListItem\",\"position\":1,\"name\":\"Domov\",\"item\":\"https:\/\/www.amazingspace.sk\/\"},{\"@type\":\"ListItem\",\"position\":2,\"name\":\"Flexibiln\u00e1 hudobn\u00e1 sk\u00fa\u0161ob\u0148a v Bratislave \u2013 ide\u00e1lne rie\u0161enie na letn\u00e9 mesiace\"}]},{\"@type\":\"WebSite\",\"@id\":\"https:\/\/www.amazingspace.sk\/#website\",\"url\":\"https:\/\/www.amazingspace.sk\/\",\"name\":\"AMAZING SPACE\",\"description\":\"NAHR\u00c1VACIE \u0160T\u00daDIO | AMAZING SPACE\",\"publisher\":{\"@id\":\"https:\/\/www.amazingspace.sk\/#organization\"},\"potentialAction\":[{\"@type\":\"SearchAction\",\"target\":{\"@type\":\"EntryPoint\",\"urlTemplate\":\"https:\/\/www.amazingspace.sk\/?s={search_term_string}\"},\"query-input\":\"required name=search_term_string\"}],\"inLanguage\":\"en-GB\"},{\"@type\":\"Organization\",\"@id\":\"https:\/\/www.amazingspace.sk\/#organization\",\"name\":\"NAHR\u00c1VACIE \u0160T\u00daDIO\",\"url\":\"https:\/\/www.amazingspace.sk\/\",\"logo\":{\"@type\":\"ImageObject\",\"inLanguage\":\"en-GB\",\"@id\":\"https:\/\/www.amazingspace.sk\/#\/schema\/logo\/image\/\",\"url\":\"https:\/\/www.amazingspace.sk\/wp-content\/uploads\/2024\/12\/AMAZING.png\",\"contentUrl\":\"https:\/\/www.amazingspace.sk\/wp-content\/uploads\/2024\/12\/AMAZING.png\",\"width\":500,\"height\":500,\"caption\":\"NAHR\u00c1VACIE \u0160T\u00daDIO\"},\"image\":{\"@id\":\"https:\/\/www.amazingspace.sk\/#\/schema\/logo\/image\/\"},\"sameAs\":[\"https:\/\/www.facebook.com\/profile.php?id=61552328046316&sk=about\",\"https:\/\/www.instagram.com\/amazingspace.sk\/\"]},{\"@type\":\"Person\",\"@id\":\"https:\/\/www.amazingspace.sk\/#\/schema\/person\/9971aeaf98e9afa66b468e85ebeb1d5c\",\"name\":\"amazing\",\"image\":{\"@type\":\"ImageObject\",\"inLanguage\":\"en-GB\",\"@id\":\"https:\/\/www.amazingspace.sk\/#\/schema\/person\/image\/\",\"url\":\"https:\/\/secure.gravatar.com\/avatar\/301ac573855f50849c2069543f3a05e0?s=96&d=mm&r=g\",\"contentUrl\":\"https:\/\/secure.gravatar.com\/avatar\/301ac573855f50849c2069543f3a05e0?s=96&d=mm&r=g\",\"caption\":\"amazing\"},\"sameAs\":[\"https:\/\/www.amazingspace.sk\"],\"url\":\"https:\/\/www.amazingspace.sk\/en\/author\/amazing\/\"}]}<\/script>\n<!-- \/ Yoast SEO plugin. -->","yoast_head_json":{"title":"Flexibiln\u00e1 hudobn\u00e1 sk\u00fa\u0161ob\u0148a v Bratislave \u2013 ide\u00e1lne rie\u0161enie na letn\u00e9 mesiace | NAHR\u00c1VACIE \u0160T\u00daDIO","description":"Flexibiln\u00e1 hudobn\u00e1 sk\u00fa\u0161ob\u0148a v Bratislave. Klimatiz\u00e1cia, rezerv\u00e1cia aj 2 hodiny vopred, plat\u00ed\u0161 len za vyu\u017eit\u00fd \u010das. Sk\u00fas to v lete!","robots":{"index":"index","follow":"follow","max-snippet":"max-snippet:-1","max-image-preview":"max-image-preview:large","max-video-preview":"max-video-preview:-1"},"canonical":"https:\/\/www.amazingspace.sk\/en\/2025\/06\/03\/flexibilna-hodinova-hudobna-skusobna-bratislava-leto\/","og_locale":"en_GB","og_type":"article","og_title":"Flexibiln\u00e1 hudobn\u00e1 sk\u00fa\u0161ob\u0148a v Bratislave \u2013 ide\u00e1lne rie\u0161enie na letn\u00e9 mesiace | NAHR\u00c1VACIE \u0160T\u00daDIO","og_description":"Flexibiln\u00e1 hudobn\u00e1 sk\u00fa\u0161ob\u0148a v Bratislave. Klimatiz\u00e1cia, rezerv\u00e1cia aj 2 hodiny vopred, plat\u00ed\u0161 len za vyu\u017eit\u00fd \u010das. Sk\u00fas to v lete!","og_url":"https:\/\/www.amazingspace.sk\/en\/2025\/06\/03\/flexibilna-hodinova-hudobna-skusobna-bratislava-leto\/","og_site_name":"NAHR\u00c1VACIE \u0160T\u00daDIO","article_publisher":"https:\/\/www.facebook.com\/profile.php?id=61552328046316&sk=about","article_published_time":"2025-06-03T16:41:07+00:00","article_modified_time":"2025-06-04T07:54:53+00:00","og_image":[{"url":"https:\/\/www.amazingspace.sk\/wp-content\/uploads\/2025\/06\/IMG_2717-1024x1024.jpeg"}],"author":"amazing","twitter_card":"summary_large_image","twitter_misc":{"Written by":"amazing","Estimated reading time":"3 minutes"},"schema":{"@context":"https:\/\/schema.org","@graph":[{"@type":"Article","@id":"https:\/\/www.amazingspace.sk\/2025\/06\/03\/flexibilna-hodinova-hudobna-skusobna-bratislava-leto\/#article","isPartOf":{"@id":"https:\/\/www.amazingspace.sk\/2025\/06\/03\/flexibilna-hodinova-hudobna-skusobna-bratislava-leto\/"},"author":{"name":"amazing","@id":"https:\/\/www.amazingspace.sk\/#\/schema\/person\/9971aeaf98e9afa66b468e85ebeb1d5c"},"headline":"Flexibiln\u00e1 hudobn\u00e1 sk\u00fa\u0161ob\u0148a v Bratislave \u2013 ide\u00e1lne rie\u0161enie na letn\u00e9 mesiace","datePublished":"2025-06-03T16:41:07+00:00","dateModified":"2025-06-04T07:54:53+00:00","mainEntityOfPage":{"@id":"https:\/\/www.amazingspace.sk\/2025\/06\/03\/flexibilna-hodinova-hudobna-skusobna-bratislava-leto\/"},"wordCount":564,"commentCount":0,"publisher":{"@id":"https:\/\/www.amazingspace.sk\/#organization"},"articleSection":["Nezaraden\u00e9"],"inLanguage":"en-GB","potentialAction":[{"@type":"CommentAction","name":"Comment","target":["https:\/\/www.amazingspace.sk\/2025\/06\/03\/flexibilna-hodinova-hudobna-skusobna-bratislava-leto\/#respond"]}]},{"@type":"WebPage","@id":"https:\/\/www.amazingspace.sk\/2025\/06\/03\/flexibilna-hodinova-hudobna-skusobna-bratislava-leto\/","url":"https:\/\/www.amazingspace.sk\/2025\/06\/03\/flexibilna-hodinova-hudobna-skusobna-bratislava-leto\/","name":"Flexibiln\u00e1 hudobn\u00e1 sk\u00fa\u0161ob\u0148a v Bratislave \u2013 ide\u00e1lne rie\u0161enie na letn\u00e9 mesiace | NAHR\u00c1VACIE \u0160T\u00daDIO","isPartOf":{"@id":"https:\/\/www.amazingspace.sk\/#website"},"datePublished":"2025-06-03T16:41:07+00:00","dateModified":"2025-06-04T07:54:53+00:00","description":"Flexibiln\u00e1 hudobn\u00e1 sk\u00fa\u0161ob\u0148a v Bratislave. Klimatiz\u00e1cia, rezerv\u00e1cia aj 2 hodiny vopred, plat\u00ed\u0161 len za vyu\u017eit\u00fd \u010das. Sk\u00fas to v lete!","breadcrumb":{"@id":"https:\/\/www.amazingspace.sk\/2025\/06\/03\/flexibilna-hodinova-hudobna-skusobna-bratislava-leto\/#breadcrumb"},"inLanguage":"en-GB","potentialAction":[{"@type":"ReadAction","target":["https:\/\/www.amazingspace.sk\/2025\/06\/03\/flexibilna-hodinova-hudobna-skusobna-bratislava-leto\/"]}]},{"@type":"BreadcrumbList","@id":"https:\/\/www.amazingspace.sk\/2025\/06\/03\/flexibilna-hodinova-hudobna-skusobna-bratislava-leto\/#breadcrumb","itemListElement":[{"@type":"ListItem","position":1,"name":"Domov","item":"https:\/\/www.amazingspace.sk\/"},{"@type":"ListItem","position":2,"name":"Flexibiln\u00e1 hudobn\u00e1 sk\u00fa\u0161ob\u0148a v Bratislave \u2013 ide\u00e1lne rie\u0161enie na letn\u00e9 mesiace"}]},{"@type":"WebSite","@id":"https:\/\/www.amazingspace.sk\/#website","url":"https:\/\/www.amazingspace.sk\/","name":"AMAZING SPACE","description":"NAHR\u00c1VACIE \u0160T\u00daDIO | AMAZING SPACE","publisher":{"@id":"https:\/\/www.amazingspace.sk\/#organization"},"potentialAction":[{"@type":"SearchAction","target":{"@type":"EntryPoint","urlTemplate":"https:\/\/www.amazingspace.sk\/?s={search_term_string}"},"query-input":"required name=search_term_string"}],"inLanguage":"en-GB"},{"@type":"Organization","@id":"https:\/\/www.amazingspace.sk\/#organization","name":"NAHR\u00c1VACIE \u0160T\u00daDIO","url":"https:\/\/www.amazingspace.sk\/","logo":{"@type":"ImageObject","inLanguage":"en-GB","@id":"https:\/\/www.amazingspace.sk\/#\/schema\/logo\/image\/","url":"https:\/\/www.amazingspace.sk\/wp-content\/uploads\/2024\/12\/AMAZING.png","contentUrl":"https:\/\/www.amazingspace.sk\/wp-content\/uploads\/2024\/12\/AMAZING.png","width":500,"height":500,"caption":"NAHR\u00c1VACIE \u0160T\u00daDIO"},"image":{"@id":"https:\/\/www.amazingspace.sk\/#\/schema\/logo\/image\/"},"sameAs":["https:\/\/www.facebook.com\/profile.php?id=61552328046316&sk=about","https:\/\/www.instagram.com\/amazingspace.sk\/"]},{"@type":"Person","@id":"https:\/\/www.amazingspace.sk\/#\/schema\/person\/9971aeaf98e9afa66b468e85ebeb1d5c","name":"amazing","image":{"@type":"ImageObject","inLanguage":"en-GB","@id":"https:\/\/www.amazingspace.sk\/#\/schema\/person\/image\/","url":"https:\/\/secure.gravatar.com\/avatar\/301ac573855f50849c2069543f3a05e0?s=96&d=mm&r=g","contentUrl":"https:\/\/secure.gravatar.com\/avatar\/301ac573855f50849c2069543f3a05e0?s=96&d=mm&r=g","caption":"amazing"},"sameAs":["https:\/\/www.amazingspace.sk"],"url":"https:\/\/www.amazingspace.sk\/en\/author\/amazing\/"}]}},"_links":{"self":[{"href":"https:\/\/www.amazingspace.sk\/en\/wp-json\/wp\/v2\/posts\/1798"}],"collection":[{"href":"https:\/\/www.amazingspace.sk\/en\/wp-json\/wp\/v2\/posts"}],"about":[{"href":"https:\/\/www.amazingspace.sk\/en\/wp-json\/wp\/v2\/types\/post"}],"author":[{"embeddable":true,"href":"https:\/\/www.amazingspace.sk\/en\/wp-json\/wp\/v2\/users\/1"}],"replies":[{"embeddable":true,"href":"https:\/\/www.amazingspace.sk\/en\/wp-json\/wp\/v2\/comments?post=1798"}],"version-history":[{"count":6,"href":"https:\/\/www.amazingspace.sk\/en\/wp-json\/wp\/v2\/posts\/1798\/revisions"}],"predecessor-version":[{"id":1811,"href":"https:\/\/www.amazingspace.sk\/en\/wp-json\/wp\/v2\/posts\/1798\/revisions\/1811"}],"wp:attachment":[{"href":"https:\/\/www.amazingspace.sk\/en\/wp-json\/wp\/v2\/media?parent=1798"}],"wp:term":[{"taxonomy":"category","embeddable":true,"href":"https:\/\/www.amazingspace.sk\/en\/wp-json\/wp\/v2\/categories?post=1798"},{"taxonomy":"post_tag","embeddable":true,"href":"https:\/\/www.amazingspace.sk\/en\/wp-json\/wp\/v2\/tags?post=1798"}],"curies":[{"name":"wp","href":"https:\/\/api.w.org\/{rel}","templated":true}]}}